{"id":922,"date":"2012-09-05T09:05:40","date_gmt":"2012-09-05T07:05:40","guid":{"rendered":"http:\/\/www.selbstverstaendlich.de\/blog\/?p=922"},"modified":"2012-09-10T12:26:25","modified_gmt":"2012-09-10T10:26:25","slug":"fachpresse-erste-guided-tour-auf-der-dmexco","status":"publish","type":"post","link":"https:\/\/www.selbstverstaendlich.de\/blog\/fachpresse-erste-guided-tour-auf-der-dmexco\/2012\/09\/","title":{"rendered":"Fachpresse: Erste Guided Tour auf der dmexco"},"content":{"rendered":"<p style=\"text-align: left;\"><img loading=\"lazy\" decoding=\"async\" title=\"Guided Tour Fachpresse BVDW\" src=\"https:\/\/www.selbstverstaendlich.de\/blog\/wp-content\/uploads\/2012\/09\/Guided-Tou-Fachpresse-BVDW-300x140.jpg\" alt=\"Guided Tour des BVDW mit der Fachpresse auf der dmexco\" width=\"300\" height=\"140\" \/><\/p>\n<p>Das digitale Gesch\u00e4ft gewinnt f\u00fcr deutsche Fachmedienh\u00e4user zunehmend an Relevanz. Dies wurde zuletzt auch beim <a title=\"Fachpresse-Kongress 2012 in Essen\" href=\"http:\/\/www.deutsche-fachpresse.de\/kongress\/\" target=\"_blank\" rel=\"nofollow\">Kongress der Deutschen Fachpresse 2012 in Essen<\/a> mehr als deutlich. Die <a title=\"Deutsche Fachpresse\" href=\"http:\/\/www.fachpresse.de\" target=\"_blank\" rel=\"nofollow\">Deutsche Fachpresse<\/a> begleitet ihre Mitgliedsverlage beim Ausbau dieses Gesch\u00e4ftsfeldes und ist erstmals \u00a0am 12. und 13. September mit einem eigenen Stand (Halle 8.1, A-058) auf der <a title=\"Online-Marketing-Fachmesse dmexco\" href=\"http:\/\/www.dmexco.com\" target=\"_blank\" rel=\"nofollow\">dmexco<\/a>, der internationalen Leitmesse f\u00fcr die digitale Wirtschaft in den Bereichen Werbung, Media und Technologie, in K\u00f6ln pr\u00e4sent. Exklusiv f\u00fcr ihre Mitgliedsverlage in Kooperation mit dem <a title=\"Bundesverband Digitale Wirtschaft (BVDW)\" href=\"http:\/\/www.bvdw.org\" target=\"_blank\" rel=\"nofollow\">Bundesverband Digitale Wirtschaft (BVDW)<\/a> am 12. September eine <a title=\"Opens external link in new window\" href=\"http:\/\/www.deutsche-fachpresse.de\/dmexco2012\/\" target=\"_blank\" rel=\"nofollow\">Guided Tour zu ausgew\u00e4hlten Ausstellern<\/a> \u00fcber die dmexco an.\u00a0Ich freue mich, dass ich diese Tour gemeinsam mit \u00a0Thomas Schauf vom BVDW leiten darf.<\/p>\n<p>&#8222;Wir wollen auf der dmexco Fachmedienpr\u00e4senz zeigen, das Leistungsspektrum der Verlage vorstellen und Kontaktpunkt f\u00fcr Besucher aus unseren Mitgliedsunternehmen sein&#8220;, erl\u00e4utert Bernd Adam, Gesch\u00e4ftsf\u00fchrer der Deutschen Fachpresse, die Zielsetzung des diesj\u00e4hrigen Engagements auf der dmexco auf der Website des Verbandes. Unter dem Motto <a title=\"\u201eB2B-Communities\u201c auf der dmexco\" href=\"http:\/\/www.media-treff.de\/index.php\/2012\/08\/28\/der-treffpunkt-zum-thema-b2b-communities-auf-der-dmexco\/\" target=\"_blank\" rel=\"nofollow\">\u201eB2B-Communities\u201c<\/a> informiert die Deutsche Fachpresse deshalb auf einem Gemeinschaftsstand in Halle 8.1, A-058 mit <a title=\"media-TREFF\" href=\"http:\/\/www.media-treff.de\" target=\"_blank\" rel=\"nofollow\">media-TREFF<\/a> und <a title=\"Vogel Business Media\" href=\"http:\/\/www.vogel.de\" target=\"_blank\" rel=\"nofollow\">Vogel Business Media<\/a> w\u00e4hrend der beiden Messetage \u00fcber das Angebot von Fachmedienh\u00e4usern f\u00fcr werbungtreibende Unternehmen, Agenturen und Vermarkter.<\/p>\n<p>Zugleich unterst\u00fctzt die Deutsche Fachpresse ihre Mitgliedsverlage dabei, Kontakte zur digitalen Wirtschaft zu kn\u00fcpfen und zu intensivieren, hei\u00dft es auf der Verbands-Website. Dazu bietet sie in Kooperation mit dem BVDW am 12. September von 13:30 bis 14:30 Uhr eine kostenlose Guided Tour an. Die von \u00a0Thomas Schauf (BVDW) und mir geleitete Tour \u201eOnline-Werbung und E-Mail-Marketing\u201c f\u00fchrt zu den Ausstellern <a title=\"Online-Vermarkter BusinessAd\" href=\"http:\/\/www.businessad.de\/\" target=\"_blank\" rel=\"nofollow\">Business Ad<\/a> und <a title=\"Rabbit eMarketing\" href=\"http:\/\/rabbit-emarketing.de\/\" target=\"_blank\" rel=\"nofollow\">rabbit eMarketing<\/a> und endet mit einer Abschlussrunde am Stand der Deutschen Fachpresse.<\/p>\n<p>Die dmexco meldete bereits Mitte August neue Rekorde: mit\u00a0\u00fcber 550 Aussteller aus aller Welt und einer neuen Expo-Rekordmarke ist die\u00a0dmexco 2012 komplett ausverkauft, so der Veranstalter K\u00f6ln Messe. &#8222;Auf \u00fcber 50.000 Quadratmetern der\u00a0zwei dmexco-Hallen nutzt die gesamte globale Marketing-, Media- und\u00a0Technologiebranche die Chance, ihre Produkte und Innovationen f\u00fcr \u00fcber\u00a020.000 erwartete Fachbesucher erlebbar zu machen&#8220;, so die <a title=\"Pressemitteilung dmexco: Globale Digitalisierung sorgt f\u00fcr Rekordwerte:\" href=\"http:\/\/www.dmexco.de\/Presse\/downloads\/d\/120823_pm_ueberblick_hallenplan_dmexco_DE.pdf\" target=\"_blank\" rel=\"nofollow\">Pressemitteilung<\/a>.<\/p>\n<p><del>Ansprechpartnerin f\u00fcr die Anmeldung zur Guided Tour ist Martina Seiring, Telefon 069 \/ 1306-397, E-Mail <a href=\"http:\/\/www.deutsche-fachpresse.de\/no_cache\/single-news\/back\/145\/news\/fachmedien-in-der-digitalen-wirtschaft-die-deutsche-fachpresse-auf-der-dmexco-2012\/\" target=\"_blank\" rel=\"nofollow\">seiring(at)deutsche-fachpresse.de<\/a>. Die Teilnehmerzahl ist begrenzt, Pl\u00e4tze werden nach Eingang der Anmeldungen vergeben.<\/p>\n<p><\/del><\/p>\n<p>Nachtrag 10.9.12: Die Guided Tour ist ausgebucht.<\/p>\n","protected":false},"excerpt":{"rendered":"<p>Das digitale Gesch\u00e4ft gewinnt f\u00fcr deutsche Fachmedienh\u00e4user zunehmend an Relevanz. Dies wurde zuletzt auch beim Kongress der Deutschen Fachpresse 2012 in Essen mehr als deutlich. Die Deutsche Fachpresse begleitet ihre Mitgliedsverlage beim Ausbau dieses Gesch\u00e4ftsfeldes und ist erstmals \u00a0am 12. und 13. September mit einem eigenen Stand (Halle 8.1, A-058) auf der dmexco, der internationalen [&hellip;]<\/p>\n","protected":false},"author":2,"featured_media":0,"comment_status":"open","ping_status":"closed","sticky":false,"template":"","format":"standard","meta":{"content-type":"","footnotes":""},"categories":[100,4,8],"tags":[147,21,188,232],"class_list":["post-922","post","type-post","status-publish","format-standard","hentry","category-in-eigener-sache","category-veranstaltungen","category-verlage","tag-deutsche-fachpresse","tag-fachverlag","tag-online-marketing","tag-verlage"],"_links":{"self":[{"href":"https:\/\/www.selbstverstaendlich.de\/blog\/wp-json\/wp\/v2\/posts\/922","targetHints":{"allow":["GET"]}}],"collection":[{"href":"https:\/\/www.selbstverstaendlich.de\/blog\/wp-json\/wp\/v2\/posts"}],"about":[{"href":"https:\/\/www.selbstverstaendlich.de\/blog\/wp-json\/wp\/v2\/types\/post"}],"author":[{"embeddable":true,"href":"https:\/\/www.selbstverstaendlich.de\/blog\/wp-json\/wp\/v2\/users\/2"}],"replies":[{"embeddable":true,"href":"https:\/\/www.selbstverstaendlich.de\/blog\/wp-json\/wp\/v2\/comments?post=922"}],"version-history":[{"count":11,"href":"https:\/\/www.selbstverstaendlich.de\/blog\/wp-json\/wp\/v2\/posts\/922\/revisions"}],"predecessor-version":[{"id":947,"href":"https:\/\/www.selbstverstaendlich.de\/blog\/wp-json\/wp\/v2\/posts\/922\/revisions\/947"}],"wp:attachment":[{"href":"https:\/\/www.selbstverstaendlich.de\/blog\/wp-json\/wp\/v2\/media?parent=922"}],"wp:term":[{"taxonomy":"category","embeddable":true,"href":"https:\/\/www.selbstverstaendlich.de\/blog\/wp-json\/wp\/v2\/categories?post=922"},{"taxonomy":"post_tag","embeddable":true,"href":"https:\/\/www.selbstverstaendlich.de\/blog\/wp-json\/wp\/v2\/tags?post=922"}],"curies":[{"name":"wp","href":"https:\/\/api.w.org\/{rel}","templated":true}]}}