{"id":874,"date":"2011-12-03T14:45:00","date_gmt":"2011-12-03T12:45:00","guid":{"rendered":"http:\/\/www.selbstverstaendlich.de\/blog\/?p=874"},"modified":"2012-01-02T19:48:25","modified_gmt":"2012-01-02T17:48:25","slug":"fuhrungskrafte-suchen-auf-facebook-keine-jobs","status":"publish","type":"post","link":"https:\/\/www.selbstverstaendlich.de\/blog\/fuhrungskrafte-suchen-auf-facebook-keine-jobs\/2011\/12\/","title":{"rendered":"F\u00fchrungskr\u00e4fte suchen auf Facebook keine Jobs"},"content":{"rendered":"<p>Klare Fragestellung einfache Antwort: Suchen Fach- und F\u00fchrungskr\u00e4fte via Facebook nach einem neuen Job? Nein, sagt eine repr\u00e4sentative Befragung von Forsa im Auftrag der <a title=\"Online-Jobb\u00f6rse Jobware\" href=\"http:\/\/www.jobware.de\" target=\"_blank\" rel=\"nofollow\">Online-Jobb\u00f6rse Jobware<\/a>.  In Zahlen:  Ganze f\u00fcnf Prozent der Fach- und F\u00fchrungskr\u00e4fte halten Facebook f\u00fcr die Suche nach einem passenden Job f\u00fcr geeignet, aber 71 Prozent stimmen dem nicht zu. 24 Prozent konnten hierauf nicht antworten.<\/p>\n<p>&#8222;Mit dem Gehalt oder dem Bildungsabschluss der Befragten steigt auch die Skepsis gegen\u00fcber Facebook. Die Vorbehalte sind altersunabh\u00e4ngig, anders als vielleicht zun\u00e4chst intuitiv vermutet wird, so dass sich nicht abzeichnet, dass sich die Skepsis \u00fcber die Zeit abbauen wird&#8220;, so die <a title=\"Jobware-Pressemitteilung: Fach- und F\u00fchrungskr\u00e4fte misstrauen Facebook\" href=\"http:\/\/www.jobware.de\/pz\/pm\/meldungen\/223.html\" target=\"_blank\" rel=\"nofollow\">Pressemitteilung von Jobware<\/a>.<\/p>\n<p>Das Ergebnis der Umfrage im Auftrag von Jobware erkl\u00e4re, &#8222;warum sich nur wenige Profile von Fach- und F\u00fchrungskr\u00e4ften in Facebook als solche identifizieren lassen. Aus Sicht von Jobware ist heute eine gezielte Ansprache von Fach- und F\u00fchrungskr\u00e4ften \u00fcber Facebook, sei es individuell oder mittels Werbema\u00dfnahmen, auf der Grundlage dieser Ergebnisse nicht erfolgversprechend&#8220;, schreibt Marketingleiter Christian Flesch.<\/p>\n","protected":false},"excerpt":{"rendered":"<p>Klare Fragestellung einfache Antwort: Suchen Fach- und F\u00fchrungskr\u00e4fte via Facebook nach einem neuen Job? Nein, sagt eine repr\u00e4sentative Befragung von Forsa im Auftrag der Online-Jobb\u00f6rse Jobware. In Zahlen: Ganze f\u00fcnf Prozent der Fach- und F\u00fchrungskr\u00e4fte halten Facebook f\u00fcr die Suche nach einem passenden Job f\u00fcr geeignet, aber 71 Prozent stimmen dem nicht zu. 24 Prozent [&hellip;]<\/p>\n","protected":false},"author":2,"featured_media":0,"comment_status":"open","ping_status":"closed","sticky":false,"template":"","format":"standard","meta":{"content-type":"","footnotes":""},"categories":[87],"tags":[15],"class_list":["post-874","post","type-post","status-publish","format-standard","hentry","category-stellenmarkt","tag-facebook"],"_links":{"self":[{"href":"https:\/\/www.selbstverstaendlich.de\/blog\/wp-json\/wp\/v2\/posts\/874","targetHints":{"allow":["GET"]}}],"collection":[{"href":"https:\/\/www.selbstverstaendlich.de\/blog\/wp-json\/wp\/v2\/posts"}],"about":[{"href":"https:\/\/www.selbstverstaendlich.de\/blog\/wp-json\/wp\/v2\/types\/post"}],"author":[{"embeddable":true,"href":"https:\/\/www.selbstverstaendlich.de\/blog\/wp-json\/wp\/v2\/users\/2"}],"replies":[{"embeddable":true,"href":"https:\/\/www.selbstverstaendlich.de\/blog\/wp-json\/wp\/v2\/comments?post=874"}],"version-history":[{"count":1,"href":"https:\/\/www.selbstverstaendlich.de\/blog\/wp-json\/wp\/v2\/posts\/874\/revisions"}],"predecessor-version":[{"id":875,"href":"https:\/\/www.selbstverstaendlich.de\/blog\/wp-json\/wp\/v2\/posts\/874\/revisions\/875"}],"wp:attachment":[{"href":"https:\/\/www.selbstverstaendlich.de\/blog\/wp-json\/wp\/v2\/media?parent=874"}],"wp:term":[{"taxonomy":"category","embeddable":true,"href":"https:\/\/www.selbstverstaendlich.de\/blog\/wp-json\/wp\/v2\/categories?post=874"},{"taxonomy":"post_tag","embeddable":true,"href":"https:\/\/www.selbstverstaendlich.de\/blog\/wp-json\/wp\/v2\/tags?post=874"}],"curies":[{"name":"wp","href":"https:\/\/api.w.org\/{rel}","templated":true}]}}