{"id":827,"date":"2011-06-07T07:04:00","date_gmt":"2011-06-07T05:04:00","guid":{"rendered":"http:\/\/www.selbstverstaendlich.de\/blog\/studie-adidas-ist-der-deutsche-facebook-star\/2011\/06\/"},"modified":"2011-06-07T08:31:52","modified_gmt":"2011-06-07T06:31:52","slug":"studie-adidas-ist-der-deutsche-facebook-star","status":"publish","type":"post","link":"https:\/\/www.selbstverstaendlich.de\/blog\/studie-adidas-ist-der-deutsche-facebook-star\/2011\/06\/","title":{"rendered":"Studie: Adidas ist der deutsche Facebook-Star"},"content":{"rendered":"<p>In Social Media bewegt sich kein deutscher Dax-Konzern besser als Adidas, so das <a title=\"Vergleichsstudie der Fachhochschule Mainz: Adidas gewinnt auf Facebook mehr Fans als die Automobil-Konzerne\" href=\"http:\/\/idw-online.de\/de\/news426600\" target=\"_blank\" rel=\"nofollow\">Ergebnis einer Vergleichsstudie der Fachhochschule Mainz<\/a>: &#8222;Adidas gewinnt auf Facebook mehr Fans als die Automobil-Konzerne&#8220;. Und die Autoren best\u00e4tigen das gro\u00dfe Interesse der B\u00fcrger an an Facebook, Twitter &amp; Co.: &#8222;Das Interesse der User an den Angeboten der Unternehmen w\u00e4chst deutlich schneller als deren Kontaktangebote&#8220;, werden die beiden Autoren <a title=\"Lothar Rolke\" href=\"https:\/\/www.xing.com\/profile\/Lothar_Rolke\/\" target=\"_blank\" rel=\"nofollow\">Prof. Dr. Lothar Rolke<\/a> und <a title=\"FH Mainz: Patrick Djuga\" href=\"https:\/\/www.xing.com\/profile\/Patrick_Djuga\/\" target=\"_blank\" rel=\"nofollow\">Patrick Djuga <\/a> in der gestern ver\u00f6ffentlichten Pressemitteilung zitiert. So sei die Anzahl der Tweets auf Twitter von Mitte 2009 bis Anfang 2011 um 900 Prozent gestiegen, w\u00e4hrend die Anzahl der Follower sogar um 1300 Prozent zunahm; die Firmen-Accounts auf Facebook erh\u00f6hten sich im gleichen Zeitraum um 60 Prozent, die Anzahl der Fans um fast 450 Prozent von 2,2 Millionen auf jetzt \u00fcber 10 Millionen..<br \/>\nIn einer Vergleichsstudie der DAX 30-Unternehmen untersuchten Prof. Dr. Lothar Rolke und Patrick Djuga, beide Fachhochschule Mainz, das Engagement der Unternehmen auf Facebook, Youtube, Twitter und in Blogs und das Interesse der Nutzer.<\/p>\n<p><a href=\"https:\/\/www.selbstverstaendlich.de\/blog\/wp-content\/uploads\/2011\/06\/2011-06-07_Screen_011.gif\"><img loading=\"lazy\" decoding=\"async\" class=\"alignleft size-full wp-image-830\" title=\"Studie: Dax-Unternehmen bauen Social Media aus\" src=\"https:\/\/www.selbstverstaendlich.de\/blog\/wp-content\/uploads\/2011\/06\/2011-06-07_Screen_011.gif\" alt=\"Studie: Dax-Unternehmen bauen Social Media aus\" width=\"513\" height=\"379\" srcset=\"https:\/\/www.selbstverstaendlich.de\/blog\/wp-content\/uploads\/2011\/06\/2011-06-07_Screen_011.gif 883w, https:\/\/www.selbstverstaendlich.de\/blog\/wp-content\/uploads\/2011\/06\/2011-06-07_Screen_011-300x221.gif 300w\" sizes=\"auto, (max-width: 513px) 100vw, 513px\" \/><\/a><\/p>\n<p>Neuer Spitzenreiter im Bereich der &#8222;Social Media&#8220; ist demnach Adidas, das sowohl die Unternehmen der Automobilindustrie als auch die IT-Branche hinter sich gelassen habe, mit rund 7 Millionen Fans allein auf Facebook. Den gr\u00f6\u00dften Sprung nach vorne schafften mit einer Verbesserung um sieben Pl\u00e4tze BASF und die Metro. W\u00e4hrend die meisten andern DAX 30-Unternehmen ihre Position nur um zwei Pl\u00e4tze nach oben oder unten ver\u00e4nderten, rutschten die Deutsche B\u00f6rse um f\u00fcnf und Friesenius sogar um sechs Pl\u00e4tze ab.<br \/>\n&#8222;M\u00e4rkte funktionieren durch Gespr\u00e4che, und Unternehmen sind die nat\u00fcrlichen und gesetzten Gespr\u00e4chspartner, deren Erfolg gerade im Netz immer st\u00e4rker von ihrer Gespr\u00e4chsf\u00e4higkeit abh\u00e4ngt&#8220;, so Rolke, der in Mainz <a title=\"FH Main: Prof. Dr. Lothar Rolke\" href=\"http:\/\/www.fh-mainz.de\/wirtschaft\/personenverzeichnis\/profil\/rolke-lothar\/index.html\" target=\"_blank\" rel=\"nofollow\">BWL und Unternehmenskommunikation<\/a> lehrt. Wer Facebook + Co ignoriere, der gerate in eine Abseitsposition. Denn im Netz vermische sich Marketing, Vertrieb, Kommunikation und Kundendialog immer st\u00e4rker.<br \/>\nAuch Unternehmen, die nicht mit Endkunden zu tun haben, sondern andere Firmen belieferten, so Rolke in der Pressemitteilung weiter, d\u00fcrften die Macht des Netzes nicht untersch\u00e4tzen, weil das Internet zu einem Informationsfundus geworden sei, \u00fcber den Kompetenz, Reputation und Innovationskraft \u00fcberpr\u00fcft w\u00fcrde: &#8222;Denn das Internet entwickelt sich zu einem digitalen und impulsstarken Spiegelbild f\u00fcr Trends, Potenziale und Empfindlichkeiten in Wirtschaft und Gesellschaft&#8220;, sagt Rolke. Wer das zu nutzen wisse, verbessere seine Gesch\u00e4ftsgrundlagen, wer glaubt, seine Kunden ver\u00e4nderten sich nicht, werde ihre Abwanderung zeitnah erleben.<\/p>\n","protected":false},"excerpt":{"rendered":"<p>In Social Media bewegt sich kein deutscher Dax-Konzern besser als Adidas, so das Ergebnis einer Vergleichsstudie der Fachhochschule Mainz: &#8222;Adidas gewinnt auf Facebook mehr Fans als die Automobil-Konzerne&#8220;. Und die Autoren best\u00e4tigen das gro\u00dfe Interesse der B\u00fcrger an an Facebook, Twitter &amp; Co.: &#8222;Das Interesse der User an den Angeboten der Unternehmen w\u00e4chst deutlich schneller [&hellip;]<\/p>\n","protected":false},"author":2,"featured_media":0,"comment_status":"open","ping_status":"closed","sticky":false,"template":"","format":"standard","meta":{"content-type":"","footnotes":""},"categories":[7],"tags":[15,109,48,214],"class_list":["post-827","post","type-post","status-publish","format-standard","hentry","category-community","tag-facebook","tag-social-media","tag-studie","tag-twitter"],"_links":{"self":[{"href":"https:\/\/www.selbstverstaendlich.de\/blog\/wp-json\/wp\/v2\/posts\/827","targetHints":{"allow":["GET"]}}],"collection":[{"href":"https:\/\/www.selbstverstaendlich.de\/blog\/wp-json\/wp\/v2\/posts"}],"about":[{"href":"https:\/\/www.selbstverstaendlich.de\/blog\/wp-json\/wp\/v2\/types\/post"}],"author":[{"embeddable":true,"href":"https:\/\/www.selbstverstaendlich.de\/blog\/wp-json\/wp\/v2\/users\/2"}],"replies":[{"embeddable":true,"href":"https:\/\/www.selbstverstaendlich.de\/blog\/wp-json\/wp\/v2\/comments?post=827"}],"version-history":[{"count":3,"href":"https:\/\/www.selbstverstaendlich.de\/blog\/wp-json\/wp\/v2\/posts\/827\/revisions"}],"predecessor-version":[{"id":829,"href":"https:\/\/www.selbstverstaendlich.de\/blog\/wp-json\/wp\/v2\/posts\/827\/revisions\/829"}],"wp:attachment":[{"href":"https:\/\/www.selbstverstaendlich.de\/blog\/wp-json\/wp\/v2\/media?parent=827"}],"wp:term":[{"taxonomy":"category","embeddable":true,"href":"https:\/\/www.selbstverstaendlich.de\/blog\/wp-json\/wp\/v2\/categories?post=827"},{"taxonomy":"post_tag","embeddable":true,"href":"https:\/\/www.selbstverstaendlich.de\/blog\/wp-json\/wp\/v2\/tags?post=827"}],"curies":[{"name":"wp","href":"https:\/\/api.w.org\/{rel}","templated":true}]}}