{"id":1153,"date":"2015-09-28T07:25:28","date_gmt":"2015-09-28T06:25:28","guid":{"rendered":"http:\/\/www.selbstverstaendlich.de\/blog\/?p=1153"},"modified":"2015-09-28T08:48:10","modified_gmt":"2015-09-28T07:48:10","slug":"augsburg-in-social-media-fca-az-kuka","status":"publish","type":"post","link":"https:\/\/www.selbstverstaendlich.de\/blog\/augsburg-in-social-media-fca-az-kuka\/2015\/09\/","title":{"rendered":"Augsburg in Social Media: FCA, AZ &#038; Kuka"},"content":{"rendered":"<hr \/>\n<p>Ob am K\u00f6nigsplatz, am Bahnhof oder im Lieblingscaf\u00e9: Alle st\u00e4ndig am Mobiltelefon. Gucken, Lesen, Posten, Chatten. Facebook, Instagram, WhatsApp. F\u00fcr die <a href=\"https:\/\/ichbinaugsburg.wordpress.com\" target=\"_blank\" rel=\"nofollow\">Blogparade &#8222;Wir sind Augsburg&#8220;<\/a> habe ich mich ein bisschen nach Augsburg in Social Media umgesehen.<\/p>\n<p>\u00dcber die H\u00e4lfte der Bundesb\u00fcrger nutzt regelm\u00e4\u00dfig Facebook. Der Augsburger und die Augsburgerin auch? Im Anzeigenmanager von Facebook kann man es sich genau anzeigen lassen. Zieht man um die Stadtmitte einen Kreis von zehn Kilometern (gut, da ist dann Neus\u00e4\u00df und Gersthofen auch teilweise mit dabei), dann nennt einem Facebook \u00fcber 150 000 Mitglieder, knapp mehr M\u00e4nner als Frauen.<br \/>\nWer ist in Facebook am aktivsten? Wer hat die meisten Fans? Die offizielle Seite der Stadt? Der FCA? Die Augsburger Allgemeine? Klar, der FCA punktet heute wenigstens hier. In wenigen Stunden oder Tagen kann das Social Media-Team mit Agentur und Gesch\u00e4ftsf\u00fchrung auf den 200 000. Fan anstossen.<\/p>\n<p>&nbsp;<\/p>\n<div id=\"fb-root\"><\/div>\n<p><script>\/\/ <![CDATA[\n(function(d, s, id) { var js, fjs = d.getElementsByTagName(s)[0]; if (d.getElementById(id)) return; js = d.createElement(s); js.id = id; js.src = \"\/\/connect.facebook.net\/de_DE\/sdk.js#xfbml=1&#038;version=v2.3\"; fjs.parentNode.insertBefore(js, fjs);}(document, 'script', 'facebook-jssdk'));\n\/\/ ]]&gt;<\/script><\/p>\n<div class=\"fb-post\" data-href=\"https:\/\/www.facebook.com\/FCAugsburg\/posts\/10153085390341994:0\" data-width=\"500\">\n<div class=\"fb-xfbml-parse-ignore\">\n<blockquote cite=\"https:\/\/www.facebook.com\/FCAugsburg\/posts\/10153085390341994:0\"><p>&#8222;Wir haben ein ordentliches Spiel gemacht und total unn\u00f6tig verloren. Wir waren auch die bessere Mannschaft, stehen aber&#8230;<\/p>\n<p>Posted by <a href=\"https:\/\/www.facebook.com\/FCAugsburg\" target=\"_blank\" rel=\"nofollow\">FC Augsburg<\/a> on\u00a0<a href=\"https:\/\/www.facebook.com\/FCAugsburg\/posts\/10153085390341994:0\" target=\"_blank\" rel=\"nofollow\">Sonntag, 27. September 2015<\/a><\/p><\/blockquote>\n<\/div>\n<\/div>\n<p>Vor den Spieltagen und bei der Nachberichterstattung bekommen einzelne Beitr\u00e4ge schon mal mehrere Tausend Likes. Apropos Berichterstattung: Die Augsburger Allgemeine &#8211; lange Zeit f\u00fchrend vor dem FCA &#8211; kommt hier an zweiter Stelle. In ein paar Tagen freut man sich da \u00fcber den 75 000. Fan.<\/p>\n<p>&nbsp;<\/p>\n<div id=\"fb-root\"><\/div>\n<p><script>\/\/ <![CDATA[\n(function(d, s, id) { var js, fjs = d.getElementsByTagName(s)[0]; if (d.getElementById(id)) return; js = d.createElement(s); js.id = id; js.src = \"\/\/connect.facebook.net\/de_DE\/sdk.js#xfbml=1&#038;version=v2.3\"; fjs.parentNode.insertBefore(js, fjs);}(document, 'script', 'facebook-jssdk'));\n\/\/ ]]&gt;<\/script><\/p>\n<div class=\"fb-post\" data-href=\"https:\/\/www.facebook.com\/AugsburgerAllgemeine\/posts\/10153202821645784\" data-width=\"500\">\n<div class=\"fb-xfbml-parse-ignore\">\n<blockquote cite=\"https:\/\/www.facebook.com\/AugsburgerAllgemeine\/posts\/10153202821645784\"><p>Wir haben beim Wetter eine gute und eine schlechte Nachricht f\u00fcr Euch&#8230;<\/p>\n<p>Posted by <a href=\"https:\/\/www.facebook.com\/AugsburgerAllgemeine\" target=\"_blank\" rel=\"nofollow\">Augsburger Allgemeine<\/a> on\u00a0<a href=\"https:\/\/www.facebook.com\/AugsburgerAllgemeine\/posts\/10153202821645784\" target=\"_blank\" rel=\"nofollow\">Sonntag, 27. September 2015<\/a><\/p><\/blockquote>\n<\/div>\n<\/div>\n<p>Erst danach kommt weit abgeschlagen die offizielle Seite der Stadt Augsburg mit noch keinen 5500 Fans.<\/p>\n<p>&nbsp;<\/p>\n<div id=\"fb-root\"><\/div>\n<p><script>\/\/ <![CDATA[\n(function(d, s, id) { var js, fjs = d.getElementsByTagName(s)[0]; if (d.getElementById(id)) return; js = d.createElement(s); js.id = id; js.src = \"\/\/connect.facebook.net\/de_DE\/sdk.js#xfbml=1&#038;version=v2.3\"; fjs.parentNode.insertBefore(js, fjs);}(document, 'script', 'facebook-jssdk'));\n\/\/ ]]&gt;<\/script><\/p>\n<div class=\"fb-post\" data-href=\"https:\/\/www.facebook.com\/augsburgbuergerinfo\/posts\/925782287482015\" data-width=\"500\">\n<div class=\"fb-xfbml-parse-ignore\">\n<blockquote cite=\"https:\/\/www.facebook.com\/augsburgbuergerinfo\/posts\/925782287482015\"><p>Die MAN-Lechbr\u00fccke wird 2015\/2016 saniert. Veranschlagt sind Kosten in H\u00f6he von 3.675.000 Euro. Das hat der Stadtrat&#8230;<\/p>\n<p>Posted by <a href=\"https:\/\/www.facebook.com\/augsburgbuergerinfo\" target=\"_blank\" rel=\"nofollow\">Augsburg.de<\/a> on\u00a0<a href=\"https:\/\/www.facebook.com\/augsburgbuergerinfo\/posts\/925782287482015\" target=\"_blank\" rel=\"nofollow\">Donnerstag, 24. September 2015<\/a><\/p><\/blockquote>\n<\/div>\n<p>Bei den Unternehmen d\u00fcrfte &#8211; die Facebook-Suche ist da nicht sehr hilfreich &#8211; Kuka die Nase vorn haben. Der Roboter-Hersteller z\u00e4hlt weltweit allein auf seiner Hauptseite mehr als 50 000 Fans.<\/p>\n<p>&nbsp;<\/p>\n<\/div>\n<div id=\"fb-root\"><\/div>\n<p><script>\/\/ <![CDATA[\n(function(d, s, id) { var js, fjs = d.getElementsByTagName(s)[0]; if (d.getElementById(id)) return; js = d.createElement(s); js.id = id; js.src = \"\/\/connect.facebook.net\/de_DE\/sdk.js#xfbml=1&#038;version=v2.3\"; fjs.parentNode.insertBefore(js, fjs);}(document, 'script', 'facebook-jssdk'));\n\/\/ ]]&gt;<\/script><\/p>\n<div class=\"fb-post\" data-href=\"https:\/\/www.facebook.com\/KUKA.Robotics\/posts\/10153033513111956:0\" data-width=\"500\">\n<div class=\"fb-xfbml-parse-ignore\">\n<blockquote cite=\"https:\/\/www.facebook.com\/KUKA.Robotics\/posts\/10153033513111956:0\"><p>#KUKA robots help to reconstruct baroque fa\u00e7ades of #Berlin City Palace &#8211; find out how http:\/\/www.kuka-robotics.com\/en\/pressevents\/news\/NN_150916_Reconstruction.htm<\/p>\n<p>Posted by <a href=\"https:\/\/www.facebook.com\/KUKA.Robotics\" target=\"_blank\" rel=\"nofollow\">KUKA Robotics<\/a> on\u00a0<a href=\"https:\/\/www.facebook.com\/KUKA.Robotics\/posts\/10153033513111956:0\" target=\"_blank\" rel=\"nofollow\">Freitag, 18. September 2015<\/a><\/p><\/blockquote>\n<\/div>\n<\/div>\n","protected":false},"excerpt":{"rendered":"<p>Ob am K\u00f6nigsplatz, am Bahnhof oder im Lieblingscaf\u00e9: Alle st\u00e4ndig am Mobiltelefon. Gucken, Lesen, Posten, Chatten. Facebook, Instagram, WhatsApp. F\u00fcr die Blogparade &#8222;Wir sind Augsburg&#8220; habe ich mich ein bisschen nach Augsburg in Social Media umgesehen. \u00dcber die H\u00e4lfte der Bundesb\u00fcrger nutzt regelm\u00e4\u00dfig Facebook. Der Augsburger und die Augsburgerin auch? Im Anzeigenmanager von Facebook kann [&hellip;]<\/p>\n","protected":false},"author":2,"featured_media":0,"comment_status":"open","ping_status":"closed","sticky":false,"template":"","format":"standard","meta":{"content-type":"","footnotes":""},"categories":[1],"tags":[],"class_list":["post-1153","post","type-post","status-publish","format-standard","hentry","category-allgemeines"],"_links":{"self":[{"href":"https:\/\/www.selbstverstaendlich.de\/blog\/wp-json\/wp\/v2\/posts\/1153","targetHints":{"allow":["GET"]}}],"collection":[{"href":"https:\/\/www.selbstverstaendlich.de\/blog\/wp-json\/wp\/v2\/posts"}],"about":[{"href":"https:\/\/www.selbstverstaendlich.de\/blog\/wp-json\/wp\/v2\/types\/post"}],"author":[{"embeddable":true,"href":"https:\/\/www.selbstverstaendlich.de\/blog\/wp-json\/wp\/v2\/users\/2"}],"replies":[{"embeddable":true,"href":"https:\/\/www.selbstverstaendlich.de\/blog\/wp-json\/wp\/v2\/comments?post=1153"}],"version-history":[{"count":5,"href":"https:\/\/www.selbstverstaendlich.de\/blog\/wp-json\/wp\/v2\/posts\/1153\/revisions"}],"predecessor-version":[{"id":1164,"href":"https:\/\/www.selbstverstaendlich.de\/blog\/wp-json\/wp\/v2\/posts\/1153\/revisions\/1164"}],"wp:attachment":[{"href":"https:\/\/www.selbstverstaendlich.de\/blog\/wp-json\/wp\/v2\/media?parent=1153"}],"wp:term":[{"taxonomy":"category","embeddable":true,"href":"https:\/\/www.selbstverstaendlich.de\/blog\/wp-json\/wp\/v2\/categories?post=1153"},{"taxonomy":"post_tag","embeddable":true,"href":"https:\/\/www.selbstverstaendlich.de\/blog\/wp-json\/wp\/v2\/tags?post=1153"}],"curies":[{"name":"wp","href":"https:\/\/api.w.org\/{rel}","templated":true}]}}