{"id":1014,"date":"2013-07-29T13:37:00","date_gmt":"2013-07-29T12:37:00","guid":{"rendered":"http:\/\/www.selbstverstaendlich.de\/blog\/?p=1014"},"modified":"2013-07-29T15:45:38","modified_gmt":"2013-07-29T14:45:38","slug":"facebook-co-zwei-drittel-der-internetnutzer-sind-aktiv-dabei","status":"publish","type":"post","link":"https:\/\/www.selbstverstaendlich.de\/blog\/facebook-co-zwei-drittel-der-internetnutzer-sind-aktiv-dabei\/2013\/07\/","title":{"rendered":"Facebook &#038; Co.: Zwei Drittel der Internetnutzer sind aktiv dabei"},"content":{"rendered":"<p>Drei von vier Internetnutzer (78 Prozent) in Deutschland haben mindestens bei einem sozialen Netzwerk ein Profil, zwei Drittel (67 Prozent) nutzen soziale Netzwerke aktiv. Das entspricht knapp 37 Millionen Deutschen, so das <a title=\"Bitkom-Studie: Nutzung Social Networks in Deutschland 2013\" href=\"http:\/\/www.bitkom.org\/76870_76863.aspx\" target=\"_blank\" rel=\"nofollow\">Ergebnis einer repr\u00e4sentativen Befragung von Bitkom Research <\/a> im Auftrag des Hightech-Verbands Bitkom, das heute ver\u00f6ffentlicht wurde.<\/p>\n<p>Soziale Netzwerke werden gerade f\u00fcr die \u00e4lteren Menschen zu interessanten Plattformen. Gut zwei Drittel aller Internetnutzer zwischen 50 und 64 Jahren (68 Prozent) sind bei mindestens einem der Dienste angemeldet. 2011 waren es erst 60 Prozent, so die Bitkom Bei den \u00fcber 65-j\u00e4hrigen Internetnutzern ist der Anstieg noch gr\u00f6\u00dfer. Vor zwei Jahren waren 40 Prozent von ihnen bei sozialen Netzwerken angemeldet. In diesem Jahr sind es bereits 66 Prozent. Insgesamt haben<\/p>\n<p>&#8222;In den j\u00fcngeren Altersklassen ist die Nutzung auf hohem Niveau weiter leicht gewachsen&#8220;, so die <a title=\"Bitkom-Pressemitteilung: Soziale Netzwerke finden jenseits der 65 gro\u00dfen Anklang\" href=\"http:\/\/www.bitkom.org\/76870_76863.aspx\" target=\"_blank\" rel=\"nofollow\">Pressemitteilung der Bitkom<\/a>. So seien jetzt 76 Prozent der 30- bis 49-j\u00e4hrigen Internetnutzer bei einem sozialen Netzwerk registriert. 2011 waren es 72 Prozent. Bei den 14- bis 29-J\u00e4hrigen Internetnutzern sind es 9 von 10. &#8222;Die digitale Kluft zwischen den Generationen nimmt in Sozialen Netzwerken deutlich ab&#8220;, sagte laut Pressemitteilung der Bitkom-Pr\u00e4sident Prof. Dieter Kempf. &#8222;Soziale Netzwerke sind \u00fcber alle Alters- und Themengrenzen hinweg zu einer relevanten Kommunikationsplattform geworden.&#8220; Zwischen den Geschlechtern gebe es bei der Nutzung keine Unterschiede: 78 Prozent der m\u00e4nnlichen Internetnutzer sind bei mindestens einem sozialen Netzwerk angemeldet. Bei den Frauen sind es 77 Prozent.<\/p>\n<p><img loading=\"lazy\" decoding=\"async\" alt=\"Bitkom: Social Media NUtzung in Deutschland\" src=\"https:\/\/www.selbstverstaendlich.de\/blog\/wp-content\/uploads\/2013\/07\/bitkom_social_media_nutzung_130729.jpg\" width=\"450\" height=\"477\" align=\"left\" hspace=\"10\" vspace=\"10\" \/><\/p>\n<p>&nbsp;<\/p>\n<p>&nbsp;<\/p>\n<p>&nbsp;<\/p>\n<p>&nbsp;<\/p>\n<p>&nbsp;<\/p>\n<p>&nbsp;<\/p>\n<p>&nbsp;<\/p>\n<p>&nbsp;<\/p>\n<p>&nbsp;<\/p>\n<p>&nbsp;<\/p>\n<p>&nbsp;<\/p>\n<p>&nbsp;<\/p>\n<p>&nbsp;<\/p>\n<p>&nbsp;<\/p>\n<p>&nbsp;<\/p>\n<p>&nbsp;<\/p>\n<p>Im rechnerischen Durchschnitt ist jeder Internetnutzer bei 2,5 sozialen Netzwerken angemeldet. Am h\u00e4ufigsten nutzen Sch\u00fcler und Studenten diese Dienste. Knapp 93 Prozent dieser j\u00fcngeren Internetnutzer sind bei mindestens einem Netzwerk angemeldet. Unter den Erwerbst\u00e4tigen sind Freiberufler und Selbstst\u00e4ndige am h\u00e4ufigsten bei sozialen Netzwerken registriert. 84 Prozent von ihnen haben ein Profil bei einem der Dienste. Bei den Angestellten, die das Internet nutzen, sind es 77 Prozent. Beamte sind dagegen seltener in sozialen Netzwerken anzutreffen. 70 Prozent von Ihnen sind bei entsprechenden Diensten angemeldet, bei den Arbeitern sind es mit 68 Prozent kaum weniger.<\/p>\n<p>Zur Methodik der Bitkom-Studie, die heute ver\u00f6ffentlicht wurde: F\u00fcr die Angaben zur Nutzung von Social Media wurden 1.016 Internetnutzer ab 14 Jahren befragt. Alle Angaben sind repr\u00e4sentativ, so die Bitkom.<\/p>\n","protected":false},"excerpt":{"rendered":"<p>Drei von vier Internetnutzer (78 Prozent) in Deutschland haben mindestens bei einem sozialen Netzwerk ein Profil, zwei Drittel (67 Prozent) nutzen soziale Netzwerke aktiv. Das entspricht knapp 37 Millionen Deutschen, so das Ergebnis einer repr\u00e4sentativen Befragung von Bitkom Research im Auftrag des Hightech-Verbands Bitkom, das heute ver\u00f6ffentlicht wurde. Soziale Netzwerke werden gerade f\u00fcr die \u00e4lteren [&hellip;]<\/p>\n","protected":false},"author":2,"featured_media":0,"comment_status":"open","ping_status":"closed","sticky":false,"template":"","format":"standard","meta":{"content-type":"","footnotes":""},"categories":[7],"tags":[153,14,48],"class_list":["post-1014","post","type-post","status-publish","format-standard","hentry","category-community","tag-bitkom","tag-soziale-netzwerke","tag-studie"],"_links":{"self":[{"href":"https:\/\/www.selbstverstaendlich.de\/blog\/wp-json\/wp\/v2\/posts\/1014","targetHints":{"allow":["GET"]}}],"collection":[{"href":"https:\/\/www.selbstverstaendlich.de\/blog\/wp-json\/wp\/v2\/posts"}],"about":[{"href":"https:\/\/www.selbstverstaendlich.de\/blog\/wp-json\/wp\/v2\/types\/post"}],"author":[{"embeddable":true,"href":"https:\/\/www.selbstverstaendlich.de\/blog\/wp-json\/wp\/v2\/users\/2"}],"replies":[{"embeddable":true,"href":"https:\/\/www.selbstverstaendlich.de\/blog\/wp-json\/wp\/v2\/comments?post=1014"}],"version-history":[{"count":6,"href":"https:\/\/www.selbstverstaendlich.de\/blog\/wp-json\/wp\/v2\/posts\/1014\/revisions"}],"predecessor-version":[{"id":1020,"href":"https:\/\/www.selbstverstaendlich.de\/blog\/wp-json\/wp\/v2\/posts\/1014\/revisions\/1020"}],"wp:attachment":[{"href":"https:\/\/www.selbstverstaendlich.de\/blog\/wp-json\/wp\/v2\/media?parent=1014"}],"wp:term":[{"taxonomy":"category","embeddable":true,"href":"https:\/\/www.selbstverstaendlich.de\/blog\/wp-json\/wp\/v2\/categories?post=1014"},{"taxonomy":"post_tag","embeddable":true,"href":"https:\/\/www.selbstverstaendlich.de\/blog\/wp-json\/wp\/v2\/tags?post=1014"}],"curies":[{"name":"wp","href":"https:\/\/api.w.org\/{rel}","templated":true}]}}